{"id":5628,"date":"2023-03-27T09:03:00","date_gmt":"2023-03-27T07:03:00","guid":{"rendered":"https:\/\/nowastrona.nowastrona.jarzpartner.pl\/?p=5628"},"modified":"2023-04-21T17:38:03","modified_gmt":"2023-04-21T15:38:03","slug":"kooperatywy-mieszkaniowe","status":"publish","type":"post","link":"https:\/\/jarzpartner.pl\/de\/kooperatywy-mieszkaniowe\/","title":{"rendered":"Kooperatywy mieszkaniowe"},"content":{"rendered":"<p>Od 1 marca 2023 r. obowi\u0105zuje ustawa z&nbsp;4 listopada 2022 r. o&nbsp;kooperatywach mieszkaniowych oraz&nbsp;zasadach zbywania nieruchomo\u015bci nale\u017c\u0105cych do&nbsp;gminnego zasobu nieruchomo\u015bci w&nbsp;celu wsparcia realizacji inwestycji mieszkaniowych.<\/p>\r\n<p><!--more--><\/p>\r\n<p>Ustawa okre\u015bla zasady:<\/p>\r\n<p>&#8211; wsp\u00f3\u0142dzia\u0142ania cz\u0142onk\u00f3w kooperatywy mieszkaniowej w&nbsp;celu realizacji inwestycji mieszkaniowej<\/p>\r\n<p>&#8211; zbywania nieruchomo\u015bci nale\u017c\u0105cych do&nbsp;gminnego zasobu nieruchomo\u015bci w&nbsp;celu wsparcia realizacji inwestycji mieszkaniowych<\/p>\r\n<p>Regulacja ma na&nbsp;celu realizacj\u0119 na\u0142o\u017conego na&nbsp;w\u0142adze publiczne obowi\u0105zku wyra\u017conego w&nbsp;Konstytucji Rzeczypospolitej Polskiej prowadzenia polityki sprzyjaj\u0105cej zaspokojeniu potrzeb mieszkaniowych obywateli, w&nbsp;tym popierania dzia\u0142a\u0144 obywateli zmierzaj\u0105cych do&nbsp;uzyskania w\u0142asnego mieszkania.<\/p>\r\n<p>Kancelaria Prawna Jarzy\u0144ski &amp; Wsp\u00f3lnicy oferuje doradztwo w&nbsp;zakresie kooperatyw mieszkaniowych oraz&nbsp;szkolenia po\u015bwi\u0119cone tej tematyce. Zapraszamy do&nbsp;kontaktu i&nbsp;zapoznania si\u0119 z&nbsp;nasz\u0105 ofert\u0105.<\/p>\r\n<p>Zapraszamy do&nbsp;przeczytania cyklu artyku\u0142\u00f3w dotycz\u0105cych kooperatyw mieszkaniowych oraz&nbsp;\u015bledzenia strony internetowej Kancelaria Prawna Jarzy\u0144ski &amp; Wsp\u00f3lnicy.<\/p>\r\n<p><video controls=\"controls\" width=\"979\" height=\"979\">\r\n<source src=\"https:\/\/jarzpartner.pl\/wp-content\/uploads\/2023\/03\/2023.03.27-wideo.mp4?_=1&amp;_ga=2.3154869.426836757.1680690472-1118222454.1675694782\" \/><\/video><\/p>","protected":false},"excerpt":{"rendered":"<p>Od 1 marca 2023 r. obowi\u0105zuje ustawa z&nbsp;4 listopada 2022 r. o&nbsp;kooperatywach mieszkaniowych oraz&nbsp;zasadach zbywania nieruchomo\u015bci nale\u017c\u0105cych do&nbsp;gminnego zasobu nieruchomo\u015bci w&nbsp;celu wsparcia realizacji inwestycji mieszkaniowych.<\/p>","protected":false},"author":26,"featured_media":0,"comment_status":"closed","ping_status":"closed","sticky":false,"template":"","format":"standard","meta":{"footnotes":""},"categories":[1,6],"tags":[136,73,17,60],"class_list":["post-5628","post","type-post","status-publish","format-standard","hentry","category-bez-kategorii","category-blogi","tag-inwestycje","tag-nieruchomosci","tag-nowelizacja","tag-prawo-budowlane"],"yoast_head":"<!-- This site is optimized with the Yoast SEO plugin v25.8 - https:\/\/yoast.com\/wordpress\/plugins\/seo\/ -->\n<title>Kooperatywy mieszkaniowe | Kancelaria Prawna Jarzy\u0144ski &amp; Wsp\u00f3lnicy Pozna\u0144<\/title>\n<meta name=\"robots\" content=\"index, follow, max-snippet:-1, max-image-preview:large, max-video-preview:-1\" \/>\n<link rel=\"canonical\" href=\"https:\/\/jarzpartner.pl\/de\/kooperatywy-mieszkaniowe\/\" \/>\n<meta property=\"og:locale\" content=\"de_DE\" \/>\n<meta property=\"og:type\" content=\"article\" \/>\n<meta property=\"og:title\" content=\"Kooperatywy mieszkaniowe | Kancelaria Prawna Jarzy\u0144ski &amp; Wsp\u00f3lnicy Pozna\u0144\" \/>\n<meta property=\"og:description\" content=\"Od 1 marca 2023 r. obowi\u0105zuje ustawa z&nbsp;4 listopada 2022 r. o&nbsp;kooperatywach mieszkaniowych oraz&nbsp;zasadach zbywania nieruchomo\u015bci nale\u017c\u0105cych do&nbsp;gminnego zasobu nieruchomo\u015bci w&nbsp;celu wsparcia realizacji inwestycji mieszkaniowych.\" \/>\n<meta property=\"og:url\" content=\"https:\/\/jarzpartner.pl\/de\/kooperatywy-mieszkaniowe\/\" \/>\n<meta property=\"og:site_name\" content=\"Kancelaria Prawna Jarzy\u0144ski &amp; Wsp\u00f3lnicy Pozna\u0144\" \/>\n<meta property=\"article:publisher\" content=\"https:\/\/www.facebook.com\/jarzpartner\" \/>\n<meta property=\"article:published_time\" content=\"2023-03-27T07:03:00+00:00\" \/>\n<meta property=\"article:modified_time\" content=\"2023-04-21T15:38:03+00:00\" \/>\n<meta property=\"og:image\" content=\"https:\/\/jarzpartner.pl\/wp-content\/uploads\/2019\/09\/JW_fb_profil_logo-1.jpg\" \/>\n\t<meta property=\"og:image:width\" content=\"600\" \/>\n\t<meta property=\"og:image:height\" content=\"600\" \/>\n\t<meta property=\"og:image:type\" content=\"image\/jpeg\" \/>\n<meta name=\"author\" content=\"Kancelaria\" \/>\n<meta name=\"twitter:card\" content=\"summary_large_image\" \/>\n<meta name=\"twitter:label1\" content=\"Verfasst von\" \/>\n\t<meta name=\"twitter:data1\" content=\"Kancelaria\" \/>\n\t<meta name=\"twitter:label2\" content=\"Gesch\u00e4tzte Lesezeit\" \/>\n\t<meta name=\"twitter:data2\" content=\"1\u00a0Minute\" \/>\n<script type=\"application\/ld+json\" class=\"yoast-schema-graph\">{\"@context\":\"https:\/\/schema.org\",\"@graph\":[{\"@type\":\"Article\",\"@id\":\"https:\/\/jarzpartner.pl\/kooperatywy-mieszkaniowe\/#article\",\"isPartOf\":{\"@id\":\"https:\/\/jarzpartner.pl\/kooperatywy-mieszkaniowe\/\"},\"author\":{\"name\":\"Kancelaria\",\"@id\":\"https:\/\/jarzpartner.pl\/#\/schema\/person\/3870c19241e3af191b3c42890faaf739\"},\"headline\":\"Kooperatywy mieszkaniowe\",\"datePublished\":\"2023-03-27T07:03:00+00:00\",\"dateModified\":\"2023-04-21T15:38:03+00:00\",\"mainEntityOfPage\":{\"@id\":\"https:\/\/jarzpartner.pl\/kooperatywy-mieszkaniowe\/\"},\"wordCount\":158,\"publisher\":{\"@id\":\"https:\/\/jarzpartner.pl\/#organization\"},\"keywords\":[\"inwestycje\",\"nieruchomo\u015bci\",\"nowelizacja\",\"prawo budowlane\"],\"articleSection\":[\"Bez kategorii\",\"Blog\"],\"inLanguage\":\"de\"},{\"@type\":\"WebPage\",\"@id\":\"https:\/\/jarzpartner.pl\/kooperatywy-mieszkaniowe\/\",\"url\":\"https:\/\/jarzpartner.pl\/kooperatywy-mieszkaniowe\/\",\"name\":\"Kooperatywy mieszkaniowe | Kancelaria Prawna Jarzy\u0144ski &amp; Wsp\u00f3lnicy Pozna\u0144\",\"isPartOf\":{\"@id\":\"https:\/\/jarzpartner.pl\/#website\"},\"datePublished\":\"2023-03-27T07:03:00+00:00\",\"dateModified\":\"2023-04-21T15:38:03+00:00\",\"breadcrumb\":{\"@id\":\"https:\/\/jarzpartner.pl\/kooperatywy-mieszkaniowe\/#breadcrumb\"},\"inLanguage\":\"de\",\"potentialAction\":[{\"@type\":\"ReadAction\",\"target\":[\"https:\/\/jarzpartner.pl\/kooperatywy-mieszkaniowe\/\"]}]},{\"@type\":\"BreadcrumbList\",\"@id\":\"https:\/\/jarzpartner.pl\/kooperatywy-mieszkaniowe\/#breadcrumb\",\"itemListElement\":[{\"@type\":\"ListItem\",\"position\":1,\"name\":\"Strona g\u0142\u00f3wna\",\"item\":\"https:\/\/jarzpartner.pl\/\"},{\"@type\":\"ListItem\",\"position\":2,\"name\":\"Kooperatywy mieszkaniowe\"}]},{\"@type\":\"WebSite\",\"@id\":\"https:\/\/jarzpartner.pl\/#website\",\"url\":\"https:\/\/jarzpartner.pl\/\",\"name\":\"Kancelaria Prawna Jarzy\u0144ski &amp; Wsp\u00f3lnicy Pozna\u0144\",\"description\":\"Z prawem do celu\",\"publisher\":{\"@id\":\"https:\/\/jarzpartner.pl\/#organization\"},\"potentialAction\":[{\"@type\":\"SearchAction\",\"target\":{\"@type\":\"EntryPoint\",\"urlTemplate\":\"https:\/\/jarzpartner.pl\/?s={search_term_string}\"},\"query-input\":{\"@type\":\"PropertyValueSpecification\",\"valueRequired\":true,\"valueName\":\"search_term_string\"}}],\"inLanguage\":\"de\"},{\"@type\":\"Organization\",\"@id\":\"https:\/\/jarzpartner.pl\/#organization\",\"name\":\"Kancelaria Prawna Jarzy\u0144ski & Wsp\u00f3lnicy Pozna\u0144\",\"alternateName\":\"Jarzy\u0144ski & Wsp\u00f3lnicy Pozna\u0144\",\"url\":\"https:\/\/jarzpartner.pl\/\",\"logo\":{\"@type\":\"ImageObject\",\"inLanguage\":\"de\",\"@id\":\"https:\/\/jarzpartner.pl\/#\/schema\/logo\/image\/\",\"url\":\"https:\/\/jarzpartner.pl\/wp-content\/uploads\/2022\/04\/JW_fb_profil_logo-1-150x150-1.jpeg\",\"contentUrl\":\"https:\/\/jarzpartner.pl\/wp-content\/uploads\/2022\/04\/JW_fb_profil_logo-1-150x150-1.jpeg\",\"width\":150,\"height\":150,\"caption\":\"Kancelaria Prawna Jarzy\u0144ski & Wsp\u00f3lnicy Pozna\u0144\"},\"image\":{\"@id\":\"https:\/\/jarzpartner.pl\/#\/schema\/logo\/image\/\"},\"sameAs\":[\"https:\/\/www.facebook.com\/jarzpartner\",\"https:\/\/www.linkedin.com\/company\/jarzpartner\/\"]},{\"@type\":\"Person\",\"@id\":\"https:\/\/jarzpartner.pl\/#\/schema\/person\/3870c19241e3af191b3c42890faaf739\",\"name\":\"Kancelaria\",\"image\":{\"@type\":\"ImageObject\",\"inLanguage\":\"de\",\"@id\":\"https:\/\/jarzpartner.pl\/#\/schema\/person\/image\/\",\"url\":\"https:\/\/secure.gravatar.com\/avatar\/53b11f377cd2424249083854781df03f2576a048742beeada27afa74a8fa008a?s=96&d=blank&r=g\",\"contentUrl\":\"https:\/\/secure.gravatar.com\/avatar\/53b11f377cd2424249083854781df03f2576a048742beeada27afa74a8fa008a?s=96&d=blank&r=g\",\"caption\":\"Kancelaria\"},\"url\":\"https:\/\/jarzpartner.pl\/de\/redaktor\/kancelaria\/\"}]}<\/script>\n<!-- \/ Yoast SEO plugin. -->","yoast_head_json":{"title":"Kooperatywy mieszkaniowe | Kancelaria Prawna Jarzy\u0144ski &amp; Wsp\u00f3lnicy Pozna\u0144","robots":{"index":"index","follow":"follow","max-snippet":"max-snippet:-1","max-image-preview":"max-image-preview:large","max-video-preview":"max-video-preview:-1"},"canonical":"https:\/\/jarzpartner.pl\/de\/kooperatywy-mieszkaniowe\/","og_locale":"de_DE","og_type":"article","og_title":"Kooperatywy mieszkaniowe | Kancelaria Prawna Jarzy\u0144ski &amp; Wsp\u00f3lnicy Pozna\u0144","og_description":"Od 1 marca 2023 r. obowi\u0105zuje ustawa z&nbsp;4 listopada 2022 r. o&nbsp;kooperatywach mieszkaniowych oraz&nbsp;zasadach zbywania nieruchomo\u015bci nale\u017c\u0105cych do&nbsp;gminnego zasobu nieruchomo\u015bci w&nbsp;celu wsparcia realizacji inwestycji mieszkaniowych.","og_url":"https:\/\/jarzpartner.pl\/de\/kooperatywy-mieszkaniowe\/","og_site_name":"Kancelaria Prawna Jarzy\u0144ski &amp; Wsp\u00f3lnicy Pozna\u0144","article_publisher":"https:\/\/www.facebook.com\/jarzpartner","article_published_time":"2023-03-27T07:03:00+00:00","article_modified_time":"2023-04-21T15:38:03+00:00","og_image":[{"width":600,"height":600,"url":"https:\/\/jarzpartner.pl\/wp-content\/uploads\/2019\/09\/JW_fb_profil_logo-1.jpg","type":"image\/jpeg"}],"author":"Kancelaria","twitter_card":"summary_large_image","twitter_misc":{"Verfasst von":"Kancelaria","Gesch\u00e4tzte Lesezeit":"1\u00a0Minute"},"schema":{"@context":"https:\/\/schema.org","@graph":[{"@type":"Article","@id":"https:\/\/jarzpartner.pl\/kooperatywy-mieszkaniowe\/#article","isPartOf":{"@id":"https:\/\/jarzpartner.pl\/kooperatywy-mieszkaniowe\/"},"author":{"name":"Kancelaria","@id":"https:\/\/jarzpartner.pl\/#\/schema\/person\/3870c19241e3af191b3c42890faaf739"},"headline":"Kooperatywy mieszkaniowe","datePublished":"2023-03-27T07:03:00+00:00","dateModified":"2023-04-21T15:38:03+00:00","mainEntityOfPage":{"@id":"https:\/\/jarzpartner.pl\/kooperatywy-mieszkaniowe\/"},"wordCount":158,"publisher":{"@id":"https:\/\/jarzpartner.pl\/#organization"},"keywords":["inwestycje","nieruchomo\u015bci","nowelizacja","prawo budowlane"],"articleSection":["Bez kategorii","Blog"],"inLanguage":"de"},{"@type":"WebPage","@id":"https:\/\/jarzpartner.pl\/kooperatywy-mieszkaniowe\/","url":"https:\/\/jarzpartner.pl\/kooperatywy-mieszkaniowe\/","name":"Kooperatywy mieszkaniowe | Kancelaria Prawna Jarzy\u0144ski &amp; Wsp\u00f3lnicy Pozna\u0144","isPartOf":{"@id":"https:\/\/jarzpartner.pl\/#website"},"datePublished":"2023-03-27T07:03:00+00:00","dateModified":"2023-04-21T15:38:03+00:00","breadcrumb":{"@id":"https:\/\/jarzpartner.pl\/kooperatywy-mieszkaniowe\/#breadcrumb"},"inLanguage":"de","potentialAction":[{"@type":"ReadAction","target":["https:\/\/jarzpartner.pl\/kooperatywy-mieszkaniowe\/"]}]},{"@type":"BreadcrumbList","@id":"https:\/\/jarzpartner.pl\/kooperatywy-mieszkaniowe\/#breadcrumb","itemListElement":[{"@type":"ListItem","position":1,"name":"Strona g\u0142\u00f3wna","item":"https:\/\/jarzpartner.pl\/"},{"@type":"ListItem","position":2,"name":"Kooperatywy mieszkaniowe"}]},{"@type":"WebSite","@id":"https:\/\/jarzpartner.pl\/#website","url":"https:\/\/jarzpartner.pl\/","name":"Kancelaria Prawna Jarzy\u0144ski &amp; Wsp\u00f3lnicy Pozna\u0144","description":"Z prawem do celu","publisher":{"@id":"https:\/\/jarzpartner.pl\/#organization"},"potentialAction":[{"@type":"SearchAction","target":{"@type":"EntryPoint","urlTemplate":"https:\/\/jarzpartner.pl\/?s={search_term_string}"},"query-input":{"@type":"PropertyValueSpecification","valueRequired":true,"valueName":"search_term_string"}}],"inLanguage":"de"},{"@type":"Organization","@id":"https:\/\/jarzpartner.pl\/#organization","name":"Kancelaria Prawna Jarzy\u0144ski & Wsp\u00f3lnicy Pozna\u0144","alternateName":"Jarzy\u0144ski & Wsp\u00f3lnicy Pozna\u0144","url":"https:\/\/jarzpartner.pl\/","logo":{"@type":"ImageObject","inLanguage":"de","@id":"https:\/\/jarzpartner.pl\/#\/schema\/logo\/image\/","url":"https:\/\/jarzpartner.pl\/wp-content\/uploads\/2022\/04\/JW_fb_profil_logo-1-150x150-1.jpeg","contentUrl":"https:\/\/jarzpartner.pl\/wp-content\/uploads\/2022\/04\/JW_fb_profil_logo-1-150x150-1.jpeg","width":150,"height":150,"caption":"Kancelaria Prawna Jarzy\u0144ski & Wsp\u00f3lnicy Pozna\u0144"},"image":{"@id":"https:\/\/jarzpartner.pl\/#\/schema\/logo\/image\/"},"sameAs":["https:\/\/www.facebook.com\/jarzpartner","https:\/\/www.linkedin.com\/company\/jarzpartner\/"]},{"@type":"Person","@id":"https:\/\/jarzpartner.pl\/#\/schema\/person\/3870c19241e3af191b3c42890faaf739","name":"Kanzlei","image":{"@type":"ImageObject","inLanguage":"de","@id":"https:\/\/jarzpartner.pl\/#\/schema\/person\/image\/","url":"https:\/\/secure.gravatar.com\/avatar\/53b11f377cd2424249083854781df03f2576a048742beeada27afa74a8fa008a?s=96&d=blank&r=g","contentUrl":"https:\/\/secure.gravatar.com\/avatar\/53b11f377cd2424249083854781df03f2576a048742beeada27afa74a8fa008a?s=96&d=blank&r=g","caption":"Kancelaria"},"url":"https:\/\/jarzpartner.pl\/de\/redaktor\/kancelaria\/"}]}},"_links":{"self":[{"href":"https:\/\/jarzpartner.pl\/de\/wp-json\/wp\/v2\/posts\/5628","targetHints":{"allow":["GET"]}}],"collection":[{"href":"https:\/\/jarzpartner.pl\/de\/wp-json\/wp\/v2\/posts"}],"about":[{"href":"https:\/\/jarzpartner.pl\/de\/wp-json\/wp\/v2\/types\/post"}],"author":[{"embeddable":true,"href":"https:\/\/jarzpartner.pl\/de\/wp-json\/wp\/v2\/users\/26"}],"replies":[{"embeddable":true,"href":"https:\/\/jarzpartner.pl\/de\/wp-json\/wp\/v2\/comments?post=5628"}],"version-history":[{"count":5,"href":"https:\/\/jarzpartner.pl\/de\/wp-json\/wp\/v2\/posts\/5628\/revisions"}],"predecessor-version":[{"id":8603,"href":"https:\/\/jarzpartner.pl\/de\/wp-json\/wp\/v2\/posts\/5628\/revisions\/8603"}],"wp:attachment":[{"href":"https:\/\/jarzpartner.pl\/de\/wp-json\/wp\/v2\/media?parent=5628"}],"wp:term":[{"taxonomy":"category","embeddable":true,"href":"https:\/\/jarzpartner.pl\/de\/wp-json\/wp\/v2\/categories?post=5628"},{"taxonomy":"post_tag","embeddable":true,"href":"https:\/\/jarzpartner.pl\/de\/wp-json\/wp\/v2\/tags?post=5628"}],"curies":[{"name":"wp","href":"https:\/\/api.w.org\/{rel}","templated":true}]}}