{"id":5411,"date":"2023-01-13T08:36:00","date_gmt":"2023-01-13T07:36:00","guid":{"rendered":"https:\/\/nowastrona.nowastrona.jarzpartner.pl\/?p=5411"},"modified":"2023-04-21T17:40:58","modified_gmt":"2023-04-21T15:40:58","slug":"wezwanie-do-sadu-na-rozprawe","status":"publish","type":"post","link":"https:\/\/jarzpartner.pl\/de\/wezwanie-do-sadu-na-rozprawe\/","title":{"rendered":"Wezwanie do&nbsp;S\u0105du na&nbsp;rozpraw\u0119"},"content":{"rendered":"<p>Wizyta w&nbsp;s\u0105dzie jest dla&nbsp;wielu stresuj\u0105cym do\u015bwiadczeniem. Co zrobi\u0107, gdy dostaniemy wezwanie z&nbsp;s\u0105du na&nbsp;rozpraw\u0119 w&nbsp;sprawie cywilnej?<\/p>\r\n<p>W&nbsp;wezwaniu powinno by\u0107 podane w&nbsp;jakim dniu i&nbsp;o jakiej godzinie odb\u0119dzie si\u0119 rozprawa. Znajdziemy w&nbsp;nim r\u00f3wnie\u017c adres budynku s\u0105du i&nbsp;sal\u0119, w&nbsp;kt\u00f3rej odb\u0119dzie si\u0119 rozprawa.<\/p>\r\n<p>Z&nbsp;wezwania dowiemy si\u0119 r\u00f3wnie\u017c jakich stron dotyczy sprawa (np. sprawa z&nbsp;pow\u00f3dztwa X przeciwko Y), co mo\u017ce u\u0142atwi\u0107 przygotowanie si\u0119 do&nbsp;rozprawy.<\/p>\r\n<p><!--more--><\/p>\r\n<p>Ka\u017cda osoba wezwana przez&nbsp;s\u0105d jako \u015bwiadek powinna stawi\u0107 si\u0119 w&nbsp;miejscu, dniu i&nbsp;godzinie, wskazanym w&nbsp;wezwaniu i&nbsp;pozosta\u0107 do&nbsp;zwolnienia j\u0105 przez&nbsp;s\u0105d. Za&nbsp;nieusprawiedliwione niestawiennictwo s\u0105d ska\u017ce osob\u0119 na&nbsp;grzywn\u0119 a&nbsp;w razie ponownego niestawiennictwa &#8211; niezale\u017cnie od na\u0142o\u017cenia nowej grzywny &#8211; mo\u017ce zarz\u0105dzi\u0107 jej przymusowe sprowadzenie.<\/p>\r\n<p>Usprawiedliwienie niestawiennictwa z&nbsp;powodu choroby mo\u017ce nast\u0105pi\u0107 przez&nbsp;z\u0142o\u017cenie za\u015bwiadczenia lekarza s\u0105dowego.<\/p>\r\n<p>Warto pojawi\u0107 si\u0119 w&nbsp;s\u0105dzie co najmniej 15 minut przed rozpraw\u0105, aby&nbsp;mie\u0107 czas na&nbsp;znalezienie w\u0142a\u015bciwej sali czy&nbsp;zostawienie odzie\u017cy w&nbsp;szatni.<\/p>\r\n<p>Zapraszamy do&nbsp;przeczytania cyklu post\u00f3w, w&nbsp;kt\u00f3rych przybli\u017cymy Wam jak zachowa\u0107 si\u0119 przed s\u0105dem w&nbsp;przypadku wezwania na&nbsp;rozpraw\u0119.<\/p>\r\n<p>Uwaga! Przedstawione wezwanie s\u0105dowe zawiera fikcyjne dane.<\/p>\r\n<p><img fetchpriority=\"high\" decoding=\"async\" class=\"aligncenter wp-image-5412 size-large\" src=\"https:\/\/jarzpartner.pl\/wp-content\/uploads\/2023\/01\/2023.01.13-wezw-sw-1-724x1024.png\" alt=\"\" width=\"724\" height=\"1024\" srcset=\"https:\/\/jarzpartner.pl\/wp-content\/uploads\/2023\/01\/2023.01.13-wezw-sw-1-724x1024.png 724w, https:\/\/jarzpartner.pl\/wp-content\/uploads\/2023\/01\/2023.01.13-wezw-sw-1-212x300.png 212w, https:\/\/jarzpartner.pl\/wp-content\/uploads\/2023\/01\/2023.01.13-wezw-sw-1-768x1086.png 768w, https:\/\/jarzpartner.pl\/wp-content\/uploads\/2023\/01\/2023.01.13-wezw-sw-1-1086x1536.png 1086w, https:\/\/jarzpartner.pl\/wp-content\/uploads\/2023\/01\/2023.01.13-wezw-sw-1-1448x2048.png 1448w, https:\/\/jarzpartner.pl\/wp-content\/uploads\/2023\/01\/2023.01.13-wezw-sw-1-8x12.png 8w, https:\/\/jarzpartner.pl\/wp-content\/uploads\/2023\/01\/2023.01.13-wezw-sw-1.png 1654w\" sizes=\"(max-width: 724px) 100vw, 724px\" \/><\/p>","protected":false},"excerpt":{"rendered":"<p>Wizyta w&nbsp;s\u0105dzie jest dla&nbsp;wielu stresuj\u0105cym do\u015bwiadczeniem. Co zrobi\u0107, gdy dostaniemy wezwanie z&nbsp;s\u0105du na&nbsp;rozpraw\u0119 w&nbsp;sprawie cywilnej? W&nbsp;wezwaniu powinno by\u0107 podane w&nbsp;jakim dniu i&nbsp;o jakiej godzinie odb\u0119dzie si\u0119 rozprawa. Znajdziemy w&nbsp;nim r\u00f3wnie\u017c adres budynku s\u0105du i&nbsp;sal\u0119, w&nbsp;kt\u00f3rej odb\u0119dzie si\u0119 rozprawa. Z&nbsp;wezwania dowiemy si\u0119 r\u00f3wnie\u017c jakich stron dotyczy sprawa (np. sprawa z&nbsp;pow\u00f3dztwa X przeciwko Y), co mo\u017ce u\u0142atwi\u0107 [&hellip;]<\/p>","protected":false},"author":26,"featured_media":0,"comment_status":"closed","ping_status":"closed","sticky":false,"template":"","format":"standard","meta":{"footnotes":""},"categories":[1,6],"tags":[7,48],"class_list":["post-5411","post","type-post","status-publish","format-standard","hentry","category-bez-kategorii","category-blogi","tag-postepowanie-cywilne","tag-prawo-cywilne"],"yoast_head":"<!-- This site is optimized with the Yoast SEO plugin v25.8 - https:\/\/yoast.com\/wordpress\/plugins\/seo\/ -->\n<title>Wezwanie do S\u0105du na rozpraw\u0119 | Kancelaria Prawna Jarzy\u0144ski &amp; Wsp\u00f3lnicy Pozna\u0144<\/title>\n<meta name=\"robots\" content=\"index, follow, max-snippet:-1, max-image-preview:large, max-video-preview:-1\" \/>\n<link rel=\"canonical\" href=\"https:\/\/jarzpartner.pl\/de\/wezwanie-do-sadu-na-rozprawe\/\" \/>\n<meta property=\"og:locale\" content=\"de_DE\" \/>\n<meta property=\"og:type\" content=\"article\" \/>\n<meta property=\"og:title\" content=\"Wezwanie do S\u0105du na rozpraw\u0119 | Kancelaria Prawna Jarzy\u0144ski &amp; Wsp\u00f3lnicy Pozna\u0144\" \/>\n<meta property=\"og:description\" content=\"Wizyta w&nbsp;s\u0105dzie jest dla&nbsp;wielu stresuj\u0105cym do\u015bwiadczeniem. Co zrobi\u0107, gdy dostaniemy wezwanie z&nbsp;s\u0105du na&nbsp;rozpraw\u0119 w&nbsp;sprawie cywilnej? W&nbsp;wezwaniu powinno by\u0107 podane w&nbsp;jakim dniu i&nbsp;o jakiej godzinie odb\u0119dzie si\u0119 rozprawa. Znajdziemy w&nbsp;nim r\u00f3wnie\u017c adres budynku s\u0105du i&nbsp;sal\u0119, w&nbsp;kt\u00f3rej odb\u0119dzie si\u0119 rozprawa. Z&nbsp;wezwania dowiemy si\u0119 r\u00f3wnie\u017c jakich stron dotyczy sprawa (np. sprawa z&nbsp;pow\u00f3dztwa X przeciwko Y), co mo\u017ce u\u0142atwi\u0107 [&hellip;]\" \/>\n<meta property=\"og:url\" content=\"https:\/\/jarzpartner.pl\/de\/wezwanie-do-sadu-na-rozprawe\/\" \/>\n<meta property=\"og:site_name\" content=\"Kancelaria Prawna Jarzy\u0144ski &amp; Wsp\u00f3lnicy Pozna\u0144\" \/>\n<meta property=\"article:publisher\" content=\"https:\/\/www.facebook.com\/jarzpartner\" \/>\n<meta property=\"article:published_time\" content=\"2023-01-13T07:36:00+00:00\" \/>\n<meta property=\"article:modified_time\" content=\"2023-04-21T15:40:58+00:00\" \/>\n<meta property=\"og:image\" content=\"https:\/\/jarzpartner.pl\/wp-content\/uploads\/2023\/01\/2023.01.13-wezw-sw-1-724x1024.png\" \/>\n<meta name=\"author\" content=\"Kancelaria\" \/>\n<meta name=\"twitter:card\" content=\"summary_large_image\" \/>\n<meta name=\"twitter:label1\" content=\"Verfasst von\" \/>\n\t<meta name=\"twitter:data1\" content=\"Kancelaria\" \/>\n\t<meta name=\"twitter:label2\" content=\"Gesch\u00e4tzte Lesezeit\" \/>\n\t<meta name=\"twitter:data2\" content=\"2\u00a0Minuten\" \/>\n<script type=\"application\/ld+json\" class=\"yoast-schema-graph\">{\"@context\":\"https:\/\/schema.org\",\"@graph\":[{\"@type\":\"Article\",\"@id\":\"https:\/\/jarzpartner.pl\/wezwanie-do-sadu-na-rozprawe\/#article\",\"isPartOf\":{\"@id\":\"https:\/\/jarzpartner.pl\/wezwanie-do-sadu-na-rozprawe\/\"},\"author\":{\"name\":\"Kancelaria\",\"@id\":\"https:\/\/jarzpartner.pl\/#\/schema\/person\/3870c19241e3af191b3c42890faaf739\"},\"headline\":\"Wezwanie do&nbsp;S\u0105du na&nbsp;rozpraw\u0119\",\"datePublished\":\"2023-01-13T07:36:00+00:00\",\"dateModified\":\"2023-04-21T15:40:58+00:00\",\"mainEntityOfPage\":{\"@id\":\"https:\/\/jarzpartner.pl\/wezwanie-do-sadu-na-rozprawe\/\"},\"wordCount\":226,\"publisher\":{\"@id\":\"https:\/\/jarzpartner.pl\/#organization\"},\"image\":{\"@id\":\"https:\/\/jarzpartner.pl\/wezwanie-do-sadu-na-rozprawe\/#primaryimage\"},\"thumbnailUrl\":\"https:\/\/jarzpartner.pl\/wp-content\/uploads\/2023\/01\/2023.01.13-wezw-sw-1-724x1024.png\",\"keywords\":[\"post\u0119powanie cywilne\",\"prawo cywilne\"],\"articleSection\":[\"Bez kategorii\",\"Blog\"],\"inLanguage\":\"de\"},{\"@type\":\"WebPage\",\"@id\":\"https:\/\/jarzpartner.pl\/wezwanie-do-sadu-na-rozprawe\/\",\"url\":\"https:\/\/jarzpartner.pl\/wezwanie-do-sadu-na-rozprawe\/\",\"name\":\"Wezwanie do S\u0105du na rozpraw\u0119 | Kancelaria Prawna Jarzy\u0144ski &amp; Wsp\u00f3lnicy Pozna\u0144\",\"isPartOf\":{\"@id\":\"https:\/\/jarzpartner.pl\/#website\"},\"primaryImageOfPage\":{\"@id\":\"https:\/\/jarzpartner.pl\/wezwanie-do-sadu-na-rozprawe\/#primaryimage\"},\"image\":{\"@id\":\"https:\/\/jarzpartner.pl\/wezwanie-do-sadu-na-rozprawe\/#primaryimage\"},\"thumbnailUrl\":\"https:\/\/jarzpartner.pl\/wp-content\/uploads\/2023\/01\/2023.01.13-wezw-sw-1-724x1024.png\",\"datePublished\":\"2023-01-13T07:36:00+00:00\",\"dateModified\":\"2023-04-21T15:40:58+00:00\",\"breadcrumb\":{\"@id\":\"https:\/\/jarzpartner.pl\/wezwanie-do-sadu-na-rozprawe\/#breadcrumb\"},\"inLanguage\":\"de\",\"potentialAction\":[{\"@type\":\"ReadAction\",\"target\":[\"https:\/\/jarzpartner.pl\/wezwanie-do-sadu-na-rozprawe\/\"]}]},{\"@type\":\"ImageObject\",\"inLanguage\":\"de\",\"@id\":\"https:\/\/jarzpartner.pl\/wezwanie-do-sadu-na-rozprawe\/#primaryimage\",\"url\":\"https:\/\/jarzpartner.pl\/wp-content\/uploads\/2023\/01\/2023.01.13-wezw-sw-1-724x1024.png\",\"contentUrl\":\"https:\/\/jarzpartner.pl\/wp-content\/uploads\/2023\/01\/2023.01.13-wezw-sw-1-724x1024.png\"},{\"@type\":\"BreadcrumbList\",\"@id\":\"https:\/\/jarzpartner.pl\/wezwanie-do-sadu-na-rozprawe\/#breadcrumb\",\"itemListElement\":[{\"@type\":\"ListItem\",\"position\":1,\"name\":\"Strona g\u0142\u00f3wna\",\"item\":\"https:\/\/jarzpartner.pl\/\"},{\"@type\":\"ListItem\",\"position\":2,\"name\":\"Wezwanie do&nbsp;S\u0105du na&nbsp;rozpraw\u0119\"}]},{\"@type\":\"WebSite\",\"@id\":\"https:\/\/jarzpartner.pl\/#website\",\"url\":\"https:\/\/jarzpartner.pl\/\",\"name\":\"Kancelaria Prawna Jarzy\u0144ski &amp; Wsp\u00f3lnicy Pozna\u0144\",\"description\":\"Z prawem do celu\",\"publisher\":{\"@id\":\"https:\/\/jarzpartner.pl\/#organization\"},\"potentialAction\":[{\"@type\":\"SearchAction\",\"target\":{\"@type\":\"EntryPoint\",\"urlTemplate\":\"https:\/\/jarzpartner.pl\/?s={search_term_string}\"},\"query-input\":{\"@type\":\"PropertyValueSpecification\",\"valueRequired\":true,\"valueName\":\"search_term_string\"}}],\"inLanguage\":\"de\"},{\"@type\":\"Organization\",\"@id\":\"https:\/\/jarzpartner.pl\/#organization\",\"name\":\"Kancelaria Prawna Jarzy\u0144ski & Wsp\u00f3lnicy Pozna\u0144\",\"alternateName\":\"Jarzy\u0144ski & Wsp\u00f3lnicy Pozna\u0144\",\"url\":\"https:\/\/jarzpartner.pl\/\",\"logo\":{\"@type\":\"ImageObject\",\"inLanguage\":\"de\",\"@id\":\"https:\/\/jarzpartner.pl\/#\/schema\/logo\/image\/\",\"url\":\"https:\/\/jarzpartner.pl\/wp-content\/uploads\/2022\/04\/JW_fb_profil_logo-1-150x150-1.jpeg\",\"contentUrl\":\"https:\/\/jarzpartner.pl\/wp-content\/uploads\/2022\/04\/JW_fb_profil_logo-1-150x150-1.jpeg\",\"width\":150,\"height\":150,\"caption\":\"Kancelaria Prawna Jarzy\u0144ski & Wsp\u00f3lnicy Pozna\u0144\"},\"image\":{\"@id\":\"https:\/\/jarzpartner.pl\/#\/schema\/logo\/image\/\"},\"sameAs\":[\"https:\/\/www.facebook.com\/jarzpartner\",\"https:\/\/www.linkedin.com\/company\/jarzpartner\/\"]},{\"@type\":\"Person\",\"@id\":\"https:\/\/jarzpartner.pl\/#\/schema\/person\/3870c19241e3af191b3c42890faaf739\",\"name\":\"Kancelaria\",\"image\":{\"@type\":\"ImageObject\",\"inLanguage\":\"de\",\"@id\":\"https:\/\/jarzpartner.pl\/#\/schema\/person\/image\/\",\"url\":\"https:\/\/secure.gravatar.com\/avatar\/53b11f377cd2424249083854781df03f2576a048742beeada27afa74a8fa008a?s=96&d=blank&r=g\",\"contentUrl\":\"https:\/\/secure.gravatar.com\/avatar\/53b11f377cd2424249083854781df03f2576a048742beeada27afa74a8fa008a?s=96&d=blank&r=g\",\"caption\":\"Kancelaria\"},\"url\":\"https:\/\/jarzpartner.pl\/de\/redaktor\/kancelaria\/\"}]}<\/script>\n<!-- \/ Yoast SEO plugin. -->","yoast_head_json":{"title":"Wezwanie do S\u0105du na rozpraw\u0119 | Kancelaria Prawna Jarzy\u0144ski &amp; Wsp\u00f3lnicy Pozna\u0144","robots":{"index":"index","follow":"follow","max-snippet":"max-snippet:-1","max-image-preview":"max-image-preview:large","max-video-preview":"max-video-preview:-1"},"canonical":"https:\/\/jarzpartner.pl\/de\/wezwanie-do-sadu-na-rozprawe\/","og_locale":"de_DE","og_type":"article","og_title":"Wezwanie do S\u0105du na rozpraw\u0119 | Kancelaria Prawna Jarzy\u0144ski &amp; Wsp\u00f3lnicy Pozna\u0144","og_description":"Wizyta w&nbsp;s\u0105dzie jest dla&nbsp;wielu stresuj\u0105cym do\u015bwiadczeniem. Co zrobi\u0107, gdy dostaniemy wezwanie z&nbsp;s\u0105du na&nbsp;rozpraw\u0119 w&nbsp;sprawie cywilnej? W&nbsp;wezwaniu powinno by\u0107 podane w&nbsp;jakim dniu i&nbsp;o jakiej godzinie odb\u0119dzie si\u0119 rozprawa. Znajdziemy w&nbsp;nim r\u00f3wnie\u017c adres budynku s\u0105du i&nbsp;sal\u0119, w&nbsp;kt\u00f3rej odb\u0119dzie si\u0119 rozprawa. Z&nbsp;wezwania dowiemy si\u0119 r\u00f3wnie\u017c jakich stron dotyczy sprawa (np. sprawa z&nbsp;pow\u00f3dztwa X przeciwko Y), co mo\u017ce u\u0142atwi\u0107 [&hellip;]","og_url":"https:\/\/jarzpartner.pl\/de\/wezwanie-do-sadu-na-rozprawe\/","og_site_name":"Kancelaria Prawna Jarzy\u0144ski &amp; Wsp\u00f3lnicy Pozna\u0144","article_publisher":"https:\/\/www.facebook.com\/jarzpartner","article_published_time":"2023-01-13T07:36:00+00:00","article_modified_time":"2023-04-21T15:40:58+00:00","og_image":[{"url":"https:\/\/jarzpartner.pl\/wp-content\/uploads\/2023\/01\/2023.01.13-wezw-sw-1-724x1024.png","type":"","width":"","height":""}],"author":"Kancelaria","twitter_card":"summary_large_image","twitter_misc":{"Verfasst von":"Kancelaria","Gesch\u00e4tzte Lesezeit":"2\u00a0Minuten"},"schema":{"@context":"https:\/\/schema.org","@graph":[{"@type":"Article","@id":"https:\/\/jarzpartner.pl\/wezwanie-do-sadu-na-rozprawe\/#article","isPartOf":{"@id":"https:\/\/jarzpartner.pl\/wezwanie-do-sadu-na-rozprawe\/"},"author":{"name":"Kancelaria","@id":"https:\/\/jarzpartner.pl\/#\/schema\/person\/3870c19241e3af191b3c42890faaf739"},"headline":"Wezwanie do&nbsp;S\u0105du na&nbsp;rozpraw\u0119","datePublished":"2023-01-13T07:36:00+00:00","dateModified":"2023-04-21T15:40:58+00:00","mainEntityOfPage":{"@id":"https:\/\/jarzpartner.pl\/wezwanie-do-sadu-na-rozprawe\/"},"wordCount":226,"publisher":{"@id":"https:\/\/jarzpartner.pl\/#organization"},"image":{"@id":"https:\/\/jarzpartner.pl\/wezwanie-do-sadu-na-rozprawe\/#primaryimage"},"thumbnailUrl":"https:\/\/jarzpartner.pl\/wp-content\/uploads\/2023\/01\/2023.01.13-wezw-sw-1-724x1024.png","keywords":["post\u0119powanie cywilne","prawo cywilne"],"articleSection":["Bez kategorii","Blog"],"inLanguage":"de"},{"@type":"WebPage","@id":"https:\/\/jarzpartner.pl\/wezwanie-do-sadu-na-rozprawe\/","url":"https:\/\/jarzpartner.pl\/wezwanie-do-sadu-na-rozprawe\/","name":"Wezwanie do S\u0105du na rozpraw\u0119 | Kancelaria Prawna Jarzy\u0144ski &amp; Wsp\u00f3lnicy Pozna\u0144","isPartOf":{"@id":"https:\/\/jarzpartner.pl\/#website"},"primaryImageOfPage":{"@id":"https:\/\/jarzpartner.pl\/wezwanie-do-sadu-na-rozprawe\/#primaryimage"},"image":{"@id":"https:\/\/jarzpartner.pl\/wezwanie-do-sadu-na-rozprawe\/#primaryimage"},"thumbnailUrl":"https:\/\/jarzpartner.pl\/wp-content\/uploads\/2023\/01\/2023.01.13-wezw-sw-1-724x1024.png","datePublished":"2023-01-13T07:36:00+00:00","dateModified":"2023-04-21T15:40:58+00:00","breadcrumb":{"@id":"https:\/\/jarzpartner.pl\/wezwanie-do-sadu-na-rozprawe\/#breadcrumb"},"inLanguage":"de","potentialAction":[{"@type":"ReadAction","target":["https:\/\/jarzpartner.pl\/wezwanie-do-sadu-na-rozprawe\/"]}]},{"@type":"ImageObject","inLanguage":"de","@id":"https:\/\/jarzpartner.pl\/wezwanie-do-sadu-na-rozprawe\/#primaryimage","url":"https:\/\/jarzpartner.pl\/wp-content\/uploads\/2023\/01\/2023.01.13-wezw-sw-1-724x1024.png","contentUrl":"https:\/\/jarzpartner.pl\/wp-content\/uploads\/2023\/01\/2023.01.13-wezw-sw-1-724x1024.png"},{"@type":"BreadcrumbList","@id":"https:\/\/jarzpartner.pl\/wezwanie-do-sadu-na-rozprawe\/#breadcrumb","itemListElement":[{"@type":"ListItem","position":1,"name":"Strona g\u0142\u00f3wna","item":"https:\/\/jarzpartner.pl\/"},{"@type":"ListItem","position":2,"name":"Wezwanie do&nbsp;S\u0105du na&nbsp;rozpraw\u0119"}]},{"@type":"WebSite","@id":"https:\/\/jarzpartner.pl\/#website","url":"https:\/\/jarzpartner.pl\/","name":"Kancelaria Prawna Jarzy\u0144ski &amp; Wsp\u00f3lnicy Pozna\u0144","description":"Z prawem do celu","publisher":{"@id":"https:\/\/jarzpartner.pl\/#organization"},"potentialAction":[{"@type":"SearchAction","target":{"@type":"EntryPoint","urlTemplate":"https:\/\/jarzpartner.pl\/?s={search_term_string}"},"query-input":{"@type":"PropertyValueSpecification","valueRequired":true,"valueName":"search_term_string"}}],"inLanguage":"de"},{"@type":"Organization","@id":"https:\/\/jarzpartner.pl\/#organization","name":"Kancelaria Prawna Jarzy\u0144ski & Wsp\u00f3lnicy Pozna\u0144","alternateName":"Jarzy\u0144ski & Wsp\u00f3lnicy Pozna\u0144","url":"https:\/\/jarzpartner.pl\/","logo":{"@type":"ImageObject","inLanguage":"de","@id":"https:\/\/jarzpartner.pl\/#\/schema\/logo\/image\/","url":"https:\/\/jarzpartner.pl\/wp-content\/uploads\/2022\/04\/JW_fb_profil_logo-1-150x150-1.jpeg","contentUrl":"https:\/\/jarzpartner.pl\/wp-content\/uploads\/2022\/04\/JW_fb_profil_logo-1-150x150-1.jpeg","width":150,"height":150,"caption":"Kancelaria Prawna Jarzy\u0144ski & Wsp\u00f3lnicy Pozna\u0144"},"image":{"@id":"https:\/\/jarzpartner.pl\/#\/schema\/logo\/image\/"},"sameAs":["https:\/\/www.facebook.com\/jarzpartner","https:\/\/www.linkedin.com\/company\/jarzpartner\/"]},{"@type":"Person","@id":"https:\/\/jarzpartner.pl\/#\/schema\/person\/3870c19241e3af191b3c42890faaf739","name":"Kanzlei","image":{"@type":"ImageObject","inLanguage":"de","@id":"https:\/\/jarzpartner.pl\/#\/schema\/person\/image\/","url":"https:\/\/secure.gravatar.com\/avatar\/53b11f377cd2424249083854781df03f2576a048742beeada27afa74a8fa008a?s=96&d=blank&r=g","contentUrl":"https:\/\/secure.gravatar.com\/avatar\/53b11f377cd2424249083854781df03f2576a048742beeada27afa74a8fa008a?s=96&d=blank&r=g","caption":"Kancelaria"},"url":"https:\/\/jarzpartner.pl\/de\/redaktor\/kancelaria\/"}]}},"_links":{"self":[{"href":"https:\/\/jarzpartner.pl\/de\/wp-json\/wp\/v2\/posts\/5411","targetHints":{"allow":["GET"]}}],"collection":[{"href":"https:\/\/jarzpartner.pl\/de\/wp-json\/wp\/v2\/posts"}],"about":[{"href":"https:\/\/jarzpartner.pl\/de\/wp-json\/wp\/v2\/types\/post"}],"author":[{"embeddable":true,"href":"https:\/\/jarzpartner.pl\/de\/wp-json\/wp\/v2\/users\/26"}],"replies":[{"embeddable":true,"href":"https:\/\/jarzpartner.pl\/de\/wp-json\/wp\/v2\/comments?post=5411"}],"version-history":[{"count":3,"href":"https:\/\/jarzpartner.pl\/de\/wp-json\/wp\/v2\/posts\/5411\/revisions"}],"predecessor-version":[{"id":8670,"href":"https:\/\/jarzpartner.pl\/de\/wp-json\/wp\/v2\/posts\/5411\/revisions\/8670"}],"wp:attachment":[{"href":"https:\/\/jarzpartner.pl\/de\/wp-json\/wp\/v2\/media?parent=5411"}],"wp:term":[{"taxonomy":"category","embeddable":true,"href":"https:\/\/jarzpartner.pl\/de\/wp-json\/wp\/v2\/categories?post=5411"},{"taxonomy":"post_tag","embeddable":true,"href":"https:\/\/jarzpartner.pl\/de\/wp-json\/wp\/v2\/tags?post=5411"}],"curies":[{"name":"wp","href":"https:\/\/api.w.org\/{rel}","templated":true}]}}