{"id":2632,"date":"2017-12-22T18:12:44","date_gmt":"2017-12-22T17:12:44","guid":{"rendered":"https:\/\/jarzpartner.pl\/?p=2632"},"modified":"2023-08-12T19:16:29","modified_gmt":"2023-08-12T17:16:29","slug":"wesolych-swiat-5","status":"publish","type":"post","link":"https:\/\/jarzpartner.pl\/de\/wesolych-swiat-5\/","title":{"rendered":"Weso\u0142ych \u015awi\u0105t"},"content":{"rendered":"<p style=\"text-align: center;\">Weso\u0142ych \u015awi\u0105t i&nbsp;Szcz\u0119\u015bliwego Nowego Roku \u017cyczy ca\u0142y zesp\u00f3\u0142 Kancelarii J&amp;N!<\/p>\n<p><a href=\"http:\/\/jarzpartner.pl\/wp-content\/uploads\/2017\/12\/2017.12.22-kartka-swiateczna-na-FB.jpg\"><img fetchpriority=\"high\" decoding=\"async\" class=\"aligncenter size-large wp-image-2633\" src=\"http:\/\/jarzpartner.pl\/wp-content\/uploads\/2017\/12\/2017.12.22-kartka-swiateczna-na-FB-689x1024.jpg\" alt=\"\" width=\"689\" height=\"1024\" srcset=\"https:\/\/jarzpartner.pl\/wp-content\/uploads\/2017\/12\/2017.12.22-kartka-swiateczna-na-FB-689x1024.jpg 689w, https:\/\/jarzpartner.pl\/wp-content\/uploads\/2017\/12\/2017.12.22-kartka-swiateczna-na-FB-202x300.jpg 202w, https:\/\/jarzpartner.pl\/wp-content\/uploads\/2017\/12\/2017.12.22-kartka-swiateczna-na-FB-768x1142.jpg 768w, https:\/\/jarzpartner.pl\/wp-content\/uploads\/2017\/12\/2017.12.22-kartka-swiateczna-na-FB.jpg 578w\" sizes=\"(max-width: 689px) 100vw, 689px\" \/><\/a><\/p>","protected":false},"excerpt":{"rendered":"<p>Weso\u0142ych \u015awi\u0105t i&nbsp;Szcz\u0119\u015bliwego Nowego Roku \u017cyczy ca\u0142y zesp\u00f3\u0142 Kancelarii J&amp;N!<\/p>","protected":false},"author":28,"featured_media":2633,"comment_status":"closed","ping_status":"closed","sticky":false,"template":"","format":"standard","meta":{"footnotes":""},"categories":[5,6],"tags":[],"class_list":["post-2632","post","type-post","status-publish","format-standard","has-post-thumbnail","hentry","category-aktualnosci","category-blogi"],"yoast_head":"<!-- This site is optimized with the Yoast SEO plugin v25.8 - https:\/\/yoast.com\/wordpress\/plugins\/seo\/ -->\n<title>Weso\u0142ych \u015awi\u0105t | Kancelaria Prawna Jarzy\u0144ski &amp; Wsp\u00f3lnicy Pozna\u0144<\/title>\n<meta name=\"robots\" content=\"index, follow, max-snippet:-1, max-image-preview:large, max-video-preview:-1\" \/>\n<link rel=\"canonical\" href=\"https:\/\/jarzpartner.pl\/de\/wesolych-swiat-5\/\" \/>\n<meta property=\"og:locale\" content=\"de_DE\" \/>\n<meta property=\"og:type\" content=\"article\" \/>\n<meta property=\"og:title\" content=\"Weso\u0142ych \u015awi\u0105t | Kancelaria Prawna Jarzy\u0144ski &amp; Wsp\u00f3lnicy Pozna\u0144\" \/>\n<meta property=\"og:description\" content=\"Weso\u0142ych \u015awi\u0105t i&nbsp;Szcz\u0119\u015bliwego Nowego Roku \u017cyczy ca\u0142y zesp\u00f3\u0142 Kancelarii J&amp;N!\" \/>\n<meta property=\"og:url\" content=\"https:\/\/jarzpartner.pl\/de\/wesolych-swiat-5\/\" \/>\n<meta property=\"og:site_name\" content=\"Kancelaria Prawna Jarzy\u0144ski &amp; Wsp\u00f3lnicy Pozna\u0144\" \/>\n<meta property=\"article:publisher\" content=\"https:\/\/www.facebook.com\/jarzpartner\" \/>\n<meta property=\"article:published_time\" content=\"2017-12-22T17:12:44+00:00\" \/>\n<meta property=\"article:modified_time\" content=\"2023-08-12T17:16:29+00:00\" \/>\n<meta property=\"og:image\" content=\"https:\/\/jarzpartner.pl\/wp-content\/uploads\/2017\/12\/2017.12.22-kartka-swiateczna-na-FB.jpg\" \/>\n\t<meta property=\"og:image:width\" content=\"578\" \/>\n\t<meta property=\"og:image:height\" content=\"860\" \/>\n\t<meta property=\"og:image:type\" content=\"image\/jpeg\" \/>\n<meta name=\"author\" content=\"Piotr Jarzy\u0144ski\" \/>\n<meta name=\"twitter:card\" content=\"summary_large_image\" \/>\n<meta name=\"twitter:label1\" content=\"Verfasst von\" \/>\n\t<meta name=\"twitter:data1\" content=\"Piotr Jarzy\u0144ski\" \/>\n<script type=\"application\/ld+json\" class=\"yoast-schema-graph\">{\"@context\":\"https:\/\/schema.org\",\"@graph\":[{\"@type\":\"Article\",\"@id\":\"https:\/\/jarzpartner.pl\/wesolych-swiat-5\/#article\",\"isPartOf\":{\"@id\":\"https:\/\/jarzpartner.pl\/wesolych-swiat-5\/\"},\"author\":{\"name\":\"Piotr Jarzy\u0144ski\",\"@id\":\"https:\/\/jarzpartner.pl\/#\/schema\/person\/7e2d66af778c597ea70d91732d067027\"},\"headline\":\"Weso\u0142ych \u015awi\u0105t\",\"datePublished\":\"2017-12-22T17:12:44+00:00\",\"dateModified\":\"2023-08-12T17:16:29+00:00\",\"mainEntityOfPage\":{\"@id\":\"https:\/\/jarzpartner.pl\/wesolych-swiat-5\/\"},\"wordCount\":21,\"publisher\":{\"@id\":\"https:\/\/jarzpartner.pl\/#organization\"},\"image\":{\"@id\":\"https:\/\/jarzpartner.pl\/wesolych-swiat-5\/#primaryimage\"},\"thumbnailUrl\":\"https:\/\/jarzpartner.pl\/wp-content\/uploads\/2017\/12\/2017.12.22-kartka-swiateczna-na-FB.jpg\",\"articleSection\":[\"Aktualno\u015bci\",\"Blog\"],\"inLanguage\":\"de\"},{\"@type\":\"WebPage\",\"@id\":\"https:\/\/jarzpartner.pl\/wesolych-swiat-5\/\",\"url\":\"https:\/\/jarzpartner.pl\/wesolych-swiat-5\/\",\"name\":\"Weso\u0142ych \u015awi\u0105t | Kancelaria Prawna Jarzy\u0144ski &amp; Wsp\u00f3lnicy Pozna\u0144\",\"isPartOf\":{\"@id\":\"https:\/\/jarzpartner.pl\/#website\"},\"primaryImageOfPage\":{\"@id\":\"https:\/\/jarzpartner.pl\/wesolych-swiat-5\/#primaryimage\"},\"image\":{\"@id\":\"https:\/\/jarzpartner.pl\/wesolych-swiat-5\/#primaryimage\"},\"thumbnailUrl\":\"https:\/\/jarzpartner.pl\/wp-content\/uploads\/2017\/12\/2017.12.22-kartka-swiateczna-na-FB.jpg\",\"datePublished\":\"2017-12-22T17:12:44+00:00\",\"dateModified\":\"2023-08-12T17:16:29+00:00\",\"breadcrumb\":{\"@id\":\"https:\/\/jarzpartner.pl\/wesolych-swiat-5\/#breadcrumb\"},\"inLanguage\":\"de\",\"potentialAction\":[{\"@type\":\"ReadAction\",\"target\":[\"https:\/\/jarzpartner.pl\/wesolych-swiat-5\/\"]}]},{\"@type\":\"ImageObject\",\"inLanguage\":\"de\",\"@id\":\"https:\/\/jarzpartner.pl\/wesolych-swiat-5\/#primaryimage\",\"url\":\"https:\/\/jarzpartner.pl\/wp-content\/uploads\/2017\/12\/2017.12.22-kartka-swiateczna-na-FB.jpg\",\"contentUrl\":\"https:\/\/jarzpartner.pl\/wp-content\/uploads\/2017\/12\/2017.12.22-kartka-swiateczna-na-FB.jpg\",\"width\":578,\"height\":860},{\"@type\":\"BreadcrumbList\",\"@id\":\"https:\/\/jarzpartner.pl\/wesolych-swiat-5\/#breadcrumb\",\"itemListElement\":[{\"@type\":\"ListItem\",\"position\":1,\"name\":\"Strona g\u0142\u00f3wna\",\"item\":\"https:\/\/jarzpartner.pl\/\"},{\"@type\":\"ListItem\",\"position\":2,\"name\":\"Weso\u0142ych \u015awi\u0105t\"}]},{\"@type\":\"WebSite\",\"@id\":\"https:\/\/jarzpartner.pl\/#website\",\"url\":\"https:\/\/jarzpartner.pl\/\",\"name\":\"Kancelaria Prawna Jarzy\u0144ski &amp; Wsp\u00f3lnicy Pozna\u0144\",\"description\":\"Z prawem do celu\",\"publisher\":{\"@id\":\"https:\/\/jarzpartner.pl\/#organization\"},\"potentialAction\":[{\"@type\":\"SearchAction\",\"target\":{\"@type\":\"EntryPoint\",\"urlTemplate\":\"https:\/\/jarzpartner.pl\/?s={search_term_string}\"},\"query-input\":{\"@type\":\"PropertyValueSpecification\",\"valueRequired\":true,\"valueName\":\"search_term_string\"}}],\"inLanguage\":\"de\"},{\"@type\":\"Organization\",\"@id\":\"https:\/\/jarzpartner.pl\/#organization\",\"name\":\"Kancelaria Prawna Jarzy\u0144ski & Wsp\u00f3lnicy Pozna\u0144\",\"alternateName\":\"Jarzy\u0144ski & Wsp\u00f3lnicy Pozna\u0144\",\"url\":\"https:\/\/jarzpartner.pl\/\",\"logo\":{\"@type\":\"ImageObject\",\"inLanguage\":\"de\",\"@id\":\"https:\/\/jarzpartner.pl\/#\/schema\/logo\/image\/\",\"url\":\"https:\/\/jarzpartner.pl\/wp-content\/uploads\/2022\/04\/JW_fb_profil_logo-1-150x150-1.jpeg\",\"contentUrl\":\"https:\/\/jarzpartner.pl\/wp-content\/uploads\/2022\/04\/JW_fb_profil_logo-1-150x150-1.jpeg\",\"width\":150,\"height\":150,\"caption\":\"Kancelaria Prawna Jarzy\u0144ski & Wsp\u00f3lnicy Pozna\u0144\"},\"image\":{\"@id\":\"https:\/\/jarzpartner.pl\/#\/schema\/logo\/image\/\"},\"sameAs\":[\"https:\/\/www.facebook.com\/jarzpartner\",\"https:\/\/www.linkedin.com\/company\/jarzpartner\/\"]},{\"@type\":\"Person\",\"@id\":\"https:\/\/jarzpartner.pl\/#\/schema\/person\/7e2d66af778c597ea70d91732d067027\",\"name\":\"Piotr Jarzy\u0144ski\",\"image\":{\"@type\":\"ImageObject\",\"inLanguage\":\"de\",\"@id\":\"https:\/\/jarzpartner.pl\/#\/schema\/person\/image\/\",\"url\":\"https:\/\/secure.gravatar.com\/avatar\/ceadf15101b1c481aab466642c6ebfabf2a6c03468d7431dc009612168183e67?s=96&d=blank&r=g\",\"contentUrl\":\"https:\/\/secure.gravatar.com\/avatar\/ceadf15101b1c481aab466642c6ebfabf2a6c03468d7431dc009612168183e67?s=96&d=blank&r=g\",\"caption\":\"Piotr Jarzy\u0144ski\"},\"url\":\"https:\/\/jarzpartner.pl\/de\/autor\/piotr-jarzynski\/\"}]}<\/script>\n<!-- \/ Yoast SEO plugin. -->","yoast_head_json":{"title":"Weso\u0142ych \u015awi\u0105t | Kancelaria Prawna Jarzy\u0144ski &amp; Wsp\u00f3lnicy Pozna\u0144","robots":{"index":"index","follow":"follow","max-snippet":"max-snippet:-1","max-image-preview":"max-image-preview:large","max-video-preview":"max-video-preview:-1"},"canonical":"https:\/\/jarzpartner.pl\/de\/wesolych-swiat-5\/","og_locale":"de_DE","og_type":"article","og_title":"Weso\u0142ych \u015awi\u0105t | Kancelaria Prawna Jarzy\u0144ski &amp; Wsp\u00f3lnicy Pozna\u0144","og_description":"Weso\u0142ych \u015awi\u0105t i&nbsp;Szcz\u0119\u015bliwego Nowego Roku \u017cyczy ca\u0142y zesp\u00f3\u0142 Kancelarii J&amp;N!","og_url":"https:\/\/jarzpartner.pl\/de\/wesolych-swiat-5\/","og_site_name":"Kancelaria Prawna Jarzy\u0144ski &amp; Wsp\u00f3lnicy Pozna\u0144","article_publisher":"https:\/\/www.facebook.com\/jarzpartner","article_published_time":"2017-12-22T17:12:44+00:00","article_modified_time":"2023-08-12T17:16:29+00:00","og_image":[{"width":578,"height":860,"url":"https:\/\/jarzpartner.pl\/wp-content\/uploads\/2017\/12\/2017.12.22-kartka-swiateczna-na-FB.jpg","type":"image\/jpeg"}],"author":"Piotr Jarzy\u0144ski","twitter_card":"summary_large_image","twitter_misc":{"Verfasst von":"Piotr Jarzy\u0144ski"},"schema":{"@context":"https:\/\/schema.org","@graph":[{"@type":"Article","@id":"https:\/\/jarzpartner.pl\/wesolych-swiat-5\/#article","isPartOf":{"@id":"https:\/\/jarzpartner.pl\/wesolych-swiat-5\/"},"author":{"name":"Piotr Jarzy\u0144ski","@id":"https:\/\/jarzpartner.pl\/#\/schema\/person\/7e2d66af778c597ea70d91732d067027"},"headline":"Weso\u0142ych \u015awi\u0105t","datePublished":"2017-12-22T17:12:44+00:00","dateModified":"2023-08-12T17:16:29+00:00","mainEntityOfPage":{"@id":"https:\/\/jarzpartner.pl\/wesolych-swiat-5\/"},"wordCount":21,"publisher":{"@id":"https:\/\/jarzpartner.pl\/#organization"},"image":{"@id":"https:\/\/jarzpartner.pl\/wesolych-swiat-5\/#primaryimage"},"thumbnailUrl":"https:\/\/jarzpartner.pl\/wp-content\/uploads\/2017\/12\/2017.12.22-kartka-swiateczna-na-FB.jpg","articleSection":["Aktualno\u015bci","Blog"],"inLanguage":"de"},{"@type":"WebPage","@id":"https:\/\/jarzpartner.pl\/wesolych-swiat-5\/","url":"https:\/\/jarzpartner.pl\/wesolych-swiat-5\/","name":"Weso\u0142ych \u015awi\u0105t | Kancelaria Prawna Jarzy\u0144ski &amp; Wsp\u00f3lnicy Pozna\u0144","isPartOf":{"@id":"https:\/\/jarzpartner.pl\/#website"},"primaryImageOfPage":{"@id":"https:\/\/jarzpartner.pl\/wesolych-swiat-5\/#primaryimage"},"image":{"@id":"https:\/\/jarzpartner.pl\/wesolych-swiat-5\/#primaryimage"},"thumbnailUrl":"https:\/\/jarzpartner.pl\/wp-content\/uploads\/2017\/12\/2017.12.22-kartka-swiateczna-na-FB.jpg","datePublished":"2017-12-22T17:12:44+00:00","dateModified":"2023-08-12T17:16:29+00:00","breadcrumb":{"@id":"https:\/\/jarzpartner.pl\/wesolych-swiat-5\/#breadcrumb"},"inLanguage":"de","potentialAction":[{"@type":"ReadAction","target":["https:\/\/jarzpartner.pl\/wesolych-swiat-5\/"]}]},{"@type":"ImageObject","inLanguage":"de","@id":"https:\/\/jarzpartner.pl\/wesolych-swiat-5\/#primaryimage","url":"https:\/\/jarzpartner.pl\/wp-content\/uploads\/2017\/12\/2017.12.22-kartka-swiateczna-na-FB.jpg","contentUrl":"https:\/\/jarzpartner.pl\/wp-content\/uploads\/2017\/12\/2017.12.22-kartka-swiateczna-na-FB.jpg","width":578,"height":860},{"@type":"BreadcrumbList","@id":"https:\/\/jarzpartner.pl\/wesolych-swiat-5\/#breadcrumb","itemListElement":[{"@type":"ListItem","position":1,"name":"Strona g\u0142\u00f3wna","item":"https:\/\/jarzpartner.pl\/"},{"@type":"ListItem","position":2,"name":"Weso\u0142ych \u015awi\u0105t"}]},{"@type":"WebSite","@id":"https:\/\/jarzpartner.pl\/#website","url":"https:\/\/jarzpartner.pl\/","name":"Kancelaria Prawna Jarzy\u0144ski &amp; Wsp\u00f3lnicy Pozna\u0144","description":"Z prawem do celu","publisher":{"@id":"https:\/\/jarzpartner.pl\/#organization"},"potentialAction":[{"@type":"SearchAction","target":{"@type":"EntryPoint","urlTemplate":"https:\/\/jarzpartner.pl\/?s={search_term_string}"},"query-input":{"@type":"PropertyValueSpecification","valueRequired":true,"valueName":"search_term_string"}}],"inLanguage":"de"},{"@type":"Organization","@id":"https:\/\/jarzpartner.pl\/#organization","name":"Kancelaria Prawna Jarzy\u0144ski & Wsp\u00f3lnicy Pozna\u0144","alternateName":"Jarzy\u0144ski & Wsp\u00f3lnicy Pozna\u0144","url":"https:\/\/jarzpartner.pl\/","logo":{"@type":"ImageObject","inLanguage":"de","@id":"https:\/\/jarzpartner.pl\/#\/schema\/logo\/image\/","url":"https:\/\/jarzpartner.pl\/wp-content\/uploads\/2022\/04\/JW_fb_profil_logo-1-150x150-1.jpeg","contentUrl":"https:\/\/jarzpartner.pl\/wp-content\/uploads\/2022\/04\/JW_fb_profil_logo-1-150x150-1.jpeg","width":150,"height":150,"caption":"Kancelaria Prawna Jarzy\u0144ski & Wsp\u00f3lnicy Pozna\u0144"},"image":{"@id":"https:\/\/jarzpartner.pl\/#\/schema\/logo\/image\/"},"sameAs":["https:\/\/www.facebook.com\/jarzpartner","https:\/\/www.linkedin.com\/company\/jarzpartner\/"]},{"@type":"Person","@id":"https:\/\/jarzpartner.pl\/#\/schema\/person\/7e2d66af778c597ea70d91732d067027","name":"Piotr Jarzy\u0144ski","image":{"@type":"ImageObject","inLanguage":"de","@id":"https:\/\/jarzpartner.pl\/#\/schema\/person\/image\/","url":"https:\/\/secure.gravatar.com\/avatar\/ceadf15101b1c481aab466642c6ebfabf2a6c03468d7431dc009612168183e67?s=96&d=blank&r=g","contentUrl":"https:\/\/secure.gravatar.com\/avatar\/ceadf15101b1c481aab466642c6ebfabf2a6c03468d7431dc009612168183e67?s=96&d=blank&r=g","caption":"Piotr Jarzy\u0144ski"},"url":"https:\/\/jarzpartner.pl\/de\/autor\/piotr-jarzynski\/"}]}},"_links":{"self":[{"href":"https:\/\/jarzpartner.pl\/de\/wp-json\/wp\/v2\/posts\/2632","targetHints":{"allow":["GET"]}}],"collection":[{"href":"https:\/\/jarzpartner.pl\/de\/wp-json\/wp\/v2\/posts"}],"about":[{"href":"https:\/\/jarzpartner.pl\/de\/wp-json\/wp\/v2\/types\/post"}],"author":[{"embeddable":true,"href":"https:\/\/jarzpartner.pl\/de\/wp-json\/wp\/v2\/users\/28"}],"replies":[{"embeddable":true,"href":"https:\/\/jarzpartner.pl\/de\/wp-json\/wp\/v2\/comments?post=2632"}],"version-history":[{"count":1,"href":"https:\/\/jarzpartner.pl\/de\/wp-json\/wp\/v2\/posts\/2632\/revisions"}],"predecessor-version":[{"id":9263,"href":"https:\/\/jarzpartner.pl\/de\/wp-json\/wp\/v2\/posts\/2632\/revisions\/9263"}],"wp:featuredmedia":[{"embeddable":true,"href":"https:\/\/jarzpartner.pl\/de\/wp-json\/wp\/v2\/media\/2633"}],"wp:attachment":[{"href":"https:\/\/jarzpartner.pl\/de\/wp-json\/wp\/v2\/media?parent=2632"}],"wp:term":[{"taxonomy":"category","embeddable":true,"href":"https:\/\/jarzpartner.pl\/de\/wp-json\/wp\/v2\/categories?post=2632"},{"taxonomy":"post_tag","embeddable":true,"href":"https:\/\/jarzpartner.pl\/de\/wp-json\/wp\/v2\/tags?post=2632"}],"curies":[{"name":"wp","href":"https:\/\/api.w.org\/{rel}","templated":true}]}}